[{"@context":"https:\/\/schema.org\/","@type":"Article","@id":"https:\/\/www.sitom.cz\/kde-vyuzit-vlnene-termopradlo-devold\/#Article","mainEntityOfPage":"https:\/\/www.sitom.cz\/kde-vyuzit-vlnene-termopradlo-devold\/","headline":"Kde vyu\u017e\u00edt vln\u011bn\u00e9 termopr\u00e1dlo Devold","name":"Kde vyu\u017e\u00edt vln\u011bn\u00e9 termopr\u00e1dlo Devold","description":"Kdy\u017e se \u0159ekne vln\u011bn\u00e9 termopr\u00e1dlo Devold C-Store, mo\u017en\u00e1 v\u00e1s jako prvn\u00ed my\u0161lenkov\u00fd impuls napadne ly\u017eov\u00e1n\u00ed. Je to vcelku logick\u00e9, proto\u017ee vlna je nesm\u00edrn\u011b h\u0159ejiv\u00e1, a kde jinde j\u00ed p\u0159i sportu vyu\u017e\u00edt, ne\u017e v zimn\u00edm obdob\u00ed na sn\u011bhu, tedy p\u0159ev\u00e1\u017en\u011b http:\/\/www.nace.cz\/nace\/95-2-opravy-vyrobku-pro-osobni-potrebu-a-prevazne-pro-domacnost\/ na ly\u017e\u00edch (nebo na san\u00edch \u010di skibobech). Existuj\u00ed v\u0161ak i dal\u0161\u00ed mo\u017enosti, kde se uplatn\u00ed: [&hellip;]","datePublished":"2023-05-20","dateModified":"2023-07-24","author":{"@type":"Person","@id":"https:\/\/www.sitom.cz\/author\/devene\/#Person","name":"devene","url":"https:\/\/www.sitom.cz\/author\/devene\/","identifier":1,"image":{"@type":"ImageObject","@id":"https:\/\/secure.gravatar.com\/avatar\/c36ac855b1ee9cce96e09824fb5426d6eaccd04233fbf51e04e067ccd1b5fe13?s=96&d=mm&r=g","url":"https:\/\/secure.gravatar.com\/avatar\/c36ac855b1ee9cce96e09824fb5426d6eaccd04233fbf51e04e067ccd1b5fe13?s=96&d=mm&r=g","height":96,"width":96}},"publisher":{"@type":"Organization","name":"sitom.cz","logo":{"@type":"ImageObject","@id":"\/logo.png","url":"\/logo.png","width":600,"height":60}},"image":{"@type":"ImageObject","@id":"https:\/\/www.sitom.cz\/wp-content\/uploads\/panorama-3233908_640.jpg","url":"https:\/\/www.sitom.cz\/wp-content\/uploads\/panorama-3233908_640.jpg","height":0,"width":0},"url":"https:\/\/www.sitom.cz\/kde-vyuzit-vlnene-termopradlo-devold\/","about":["N\u00e1kupy"],"wordCount":420,"articleBody":"   Kdy\u017e se \u0159ekne vln\u011bn\u00e9 termopr\u00e1dlo Devold C-Store, mo\u017en\u00e1 v\u00e1s jako prvn\u00ed my\u0161lenkov\u00fd impuls napadne ly\u017eov\u00e1n\u00ed. Je to vcelku logick\u00e9, proto\u017ee vlna je nesm\u00edrn\u011b h\u0159ejiv\u00e1, a kde jinde j\u00ed p\u0159i sportu vyu\u017e\u00edt, ne\u017e v zimn\u00edm obdob\u00ed na sn\u011bhu, tedy p\u0159ev\u00e1\u017en\u011b  http:\/\/www.nace.cz\/nace\/95-2-opravy-vyrobku-pro-osobni-potrebu-a-prevazne-pro-domacnost\/ na ly\u017e\u00edch (nebo na san\u00edch \u010di skibobech). Existuj\u00ed v\u0161ak i dal\u0161\u00ed mo\u017enosti, kde se uplatn\u00ed:CyklistikaSkute\u010dn\u00ed milovn\u00edci cyklistiky jsou schopni provozovat tento sport i v zim\u011b, a nemus\u00ed j\u00edt vysloven\u011b o vrcholovou \u010dinnost. Kup\u0159\u00edkladu zimn\u00ed cykloturistika na T\u0159ebo\u0148sku, pod\u00e9l hr\u00e1z\u00ed rybn\u00edk\u016f z Vesel\u00ed nad Lu\u017enic\u00ed do T\u0159ebon\u011b v\u00e1m u\u010daruje i v lednu. Tehdy se termopr\u00e1dlo m\u016f\u017ee hodit a bude-li zapot\u0159eb\u00ed se p\u0159evl\u00e9knout, sta\u010d\u00ed m\u00edt n\u00e1hradn\u00ed oble\u010den\u00ed v jedn\u00e9 cyklobra\u0161n\u011b na nosi\u010di na zadn\u00edm kole.Horsk\u00e1 turistikaProvozovat turistiku v hor\u00e1ch, v nadmo\u0159sk\u00e9 v\u00fd\u0161ce kolem tis\u00edce metr\u016f, je n\u00e1ro\u010dn\u00e9 i v l\u00e9t\u011b. Za nevl\u00eddn\u00e9ho po\u010das\u00ed v\u00e1m tu m\u016f\u017ee i nasn\u011b\u017eit a pro takov\u00e9to p\u0159\u00edpady se vyplat\u00ed m\u00edt v rezerv\u011b termopr\u00e1dlo. A nemus\u00edte kv\u016fli tomu cestovat ani p\u0159\u00edli\u0161 daleko, do Alp nebo do Pyrenej\u00ed \u010di na Kavkaz, posta\u010d\u00ed docela \u201eoby\u010dejn\u00e9\u201c Vysok\u00e9 Tatry. Tam v\u00e1s m\u016f\u017ee zastihnout sn\u011b\u017een\u00ed i v z\u00e1\u0159\u00ed a nep\u0159\u00edjemn\u011b v\u00e1s p\u0159ekvapit p\u0159i v\u00fdstupu do Bystr\u00e9ho sedla nebo na Kriv\u00e1\u0148.Vod\u00e1ctv\u00edDomn\u00edv\u00e1te se, \u017ee termopr\u00e1dlo se na vod\u00e1ck\u00e9 v\u00fdprav\u011b na konci srpna neuplatn\u00ed? Pokud v\u00e1s zastihne de\u0161tiv\u00e9 po\u010das\u00ed a chladn\u00e1 r\u00e1na, co\u017e je v tomto obdob\u00ed obvykl\u00e9, pak budete r\u00e1di obl\u00e9kat n\u011bco tepl\u00e9ho. Mus\u00edte m\u00edt ov\u0161em oble\u010den\u00ed dob\u0159e zabezpe\u010den\u00e9 v lodn\u00edm vaku \u010di plastov\u00e9m barelu proti n\u00e1hodn\u00e9mu otev\u0159en\u00ed, co\u017e b\u00fdv\u00e1 u vod\u00e1k\u016f n\u011bkdy probl\u00e9m, pokud jsou nezodpov\u011bdn\u00ed a ned\u016fsledn\u00ed.Zku\u0161en\u00ed vod\u00e1ci v\u00e1m potvrd\u00ed, \u017ee ze v\u0161eho nejd\u016fle\u017eit\u011bj\u0161\u00ed je tu neprochladnout, a to studen\u00e1 voda dovede \u201eza\u0159\u00eddit\u201c velmi rychle. Nem\u00e1te-li nic tepl\u00e9ho k dispozici, m\u016f\u017eete skon\u010dit i se z\u00e1palem plic v nemocnici, a to byste jist\u011b necht\u011bli, zvl\u00e1\u0161t\u011b pak o va\u0161\u00ed dovolen\u00e9.                                                                                                                                                                                                                                                                                                                                                                                          4.3\/5 - (7 votes)        "},{"@context":"https:\/\/schema.org\/","@type":"BreadcrumbList","itemListElement":[{"@type":"ListItem","position":1,"name":"Kde vyu\u017e\u00edt vln\u011bn\u00e9 termopr\u00e1dlo Devold","item":"https:\/\/www.sitom.cz\/kde-vyuzit-vlnene-termopradlo-devold\/#breadcrumbitem"}]}]