[{"@context":"https:\/\/schema.org\/","@type":"Article","@id":"https:\/\/www.sitom.cz\/krasa-prirody\/#Article","mainEntityOfPage":"https:\/\/www.sitom.cz\/krasa-prirody\/","headline":"Kr\u00e1sa p\u0159\u00edrody","name":"Kr\u00e1sa p\u0159\u00edrody","description":"Na sv\u011bt\u011b je tolik opravdu kr\u00e1sn\u00fdch v\u011bc\u00ed, \u017ee n\u011bkter\u00fdm lidem z toho \u00fapln\u011b p\u0159ech\u00e1z\u00ed zrak. Abych pravdu \u0159ekla, tak m\u011b opravdu bav\u00ed chodit v p\u0159\u00edrod\u011b a pozorovat kr\u00e1sy p\u0159\u00edrody a sv\u011bta celkov\u011b. Tak\u00e9 mus\u00edm uznat, \u017ee na\u0161e p\u0159\u00edroda n\u00e1m m\u00e1 opravdu co nab\u00eddnout. L\u00edb\u00ed se mi t\u0159eba nap\u0159\u00edklad kdy\u017e mohu na ja\u0159e a v l\u00e9t\u011b [&hellip;]","datePublished":"2023-01-31","dateModified":"2023-05-31","author":{"@type":"Person","@id":"https:\/\/www.sitom.cz\/author\/devene\/#Person","name":"devene","url":"https:\/\/www.sitom.cz\/author\/devene\/","identifier":1,"image":{"@type":"ImageObject","@id":"https:\/\/secure.gravatar.com\/avatar\/c36ac855b1ee9cce96e09824fb5426d6eaccd04233fbf51e04e067ccd1b5fe13?s=96&d=mm&r=g","url":"https:\/\/secure.gravatar.com\/avatar\/c36ac855b1ee9cce96e09824fb5426d6eaccd04233fbf51e04e067ccd1b5fe13?s=96&d=mm&r=g","height":96,"width":96}},"publisher":{"@type":"Organization","name":"sitom.cz","logo":{"@type":"ImageObject","@id":"\/logo.png","url":"\/logo.png","width":600,"height":60}},"image":{"@type":"ImageObject","@id":"https:\/\/www.sitom.cz\/wp-content\/uploads\/winter-2080070_1280.jpg","url":"https:\/\/www.sitom.cz\/wp-content\/uploads\/winter-2080070_1280.jpg","height":0,"width":0},"url":"https:\/\/www.sitom.cz\/krasa-prirody\/","about":["Kr\u00e1sa"],"wordCount":459,"articleBody":"Na sv\u011bt\u011b je tolik opravdu kr\u00e1sn\u00fdch v\u011bc\u00ed, \u017ee n\u011bkter\u00fdm lidem z toho \u00fapln\u011b p\u0159ech\u00e1z\u00ed zrak. Abych pravdu \u0159ekla, tak m\u011b opravdu bav\u00ed chodit v p\u0159\u00edrod\u011b a pozorovat kr\u00e1sy p\u0159\u00edrody a sv\u011bta celkov\u011b. Tak\u00e9 mus\u00edm uznat, \u017ee na\u0161e p\u0159\u00edroda n\u00e1m m\u00e1 opravdu co nab\u00eddnout. L\u00edb\u00ed se mi t\u0159eba nap\u0159\u00edklad kdy\u017e mohu na ja\u0159e a v l\u00e9t\u011b chodit kolem rybn\u00edku a pozorovat kr\u00e1sy p\u0159\u00edrody a tak\u00e9 hlavn\u011b ptactva. Ani nev\u00edte, jak velik\u00fd to je relax, kdy\u017e si sednu k rybn\u00edku na lavi\u010dku a pozoruji labut\u011b a jejich ml\u00e1\u010fata. Je to opravdu kr\u00e1sn\u00e9 a j\u00e1 si mysl\u00edm, \u017ee tohle je tak\u00e9 opravdu perfektn\u00ed balz\u00e1m na du\u0161i. Podle m\u00e9ho n\u00e1zoru, bych klidn\u011b za\u0159adila tak\u00e9 kr\u00e1su p\u0159\u00edrody do toho, \u017ee kdyby se \u010dlov\u011bk c\u00edtil unaven\u00fd anebo smutn\u00fd, tak moc hezky pom\u016f\u017ee p\u0159\u00edroda.Jsou to takov\u00e1 antidepresiva. Tedy alespo\u0148 podle m\u011b. M\u011b se v p\u0159\u00edrod\u011b v\u00edc ulev\u00ed, proto\u017ee takov\u00e9 kr\u00e1sn\u00e9 barvy p\u0159\u00edrody kolem, tak \u010dlov\u011bka m\u016f\u017ee jenom uklidnit. Podle m\u00e9ho n\u00e1zoru tak\u00e9 kr\u00e1sy p\u0159\u00edrody sni\u017euj\u00ed krevn\u00ed tlak. Tohle mi alespo\u0148 v\u017edycky \u0159\u00edkala moje babi\u010dka, kter\u00e1 v\u017edycky \u0159\u00edk\u00e1, \u017ee kdy\u017e m\u00e1 \u010dlov\u011bk probl\u00e9my, tak si m\u00e1 j\u00edt se proj\u00edt do p\u0159\u00edrody nebo n\u011bkam k potoku. A \u010dlov\u011bk uvid\u00ed, jak se ihned zrelaxuje a bude klidn\u011bj\u0161\u00ed a odpo\u010dat\u011bj\u0161\u00ed. Mus\u00edm uznat, \u017ee tohle je ur\u010dit\u011b pravda, proto\u017ee j\u00e1 jsem to zkou\u0161ela u\u017e asi v\u00edcekr\u00e1t ne\u017e p\u011btkr\u00e1t a mus\u00edm uznat, \u017ee to pravda. A tak\u00e9 kr\u00e1sy p\u0159\u00edrody dok\u00e1\u017e\u00ed moc dob\u0159e l\u00e9\u010dit.A je jedno, jestli relaxujete u vidy nebi v lese. Sta\u010d\u00ed, \u017ee je to p\u0159\u00edroda a \u010derstv\u00fd vzduch. A co fotky? Na fotk\u00e1ch, tak\u00e9 kr\u00e1sa p\u0159\u00edrody je tady od toho, aby n\u00e1m lidem pom\u00e1hala. P\u0159\u00edroda n\u00e1m opravdu nikdy ne\u0161kod\u00ed. Mysl\u00edm si, \u017ee lid\u00e9 by si m\u011bli p\u0159\u00edrody v\u00edce v\u00e1\u017eit, a ne j\u00ed n\u011b\u010d\u00edm ni\u010dit, jako nap\u0159\u00edklad zakl\u00e1dat \u010dern\u00e9 skl\u00e1dky a tak podobn\u011b. P\u0159\u00edrodou m\u00e1me jenom jednu a ka\u017ed\u00fd \u010dlov\u011bk by si ji m\u011bl h\u00fd\u010dkat, aby byla dlouho kr\u00e1sn\u00e1 a nebyla zni\u010den\u00e1, jak to \u010dlov\u011bk um\u00ed ud\u011blat. A kdy\u017e jsme u\u017e u p\u0159\u00edrody a relaxace, tak jak vy nejrad\u011bji relaxujete? O samot\u011b nebo r\u00e1di relaxujete s p\u0159\u00e1teli n\u011bkdy u dobr\u00e9ho v\u00edna                                                                                                                                                                                                                                                                                                                                                                                        4.1\/5 - (8 votes)        "},{"@context":"https:\/\/schema.org\/","@type":"BreadcrumbList","itemListElement":[{"@type":"ListItem","position":1,"name":"Kr\u00e1sa p\u0159\u00edrody","item":"https:\/\/www.sitom.cz\/krasa-prirody\/#breadcrumbitem"}]}]